{"id":1339,"date":"2018-12-13T12:13:54","date_gmt":"2018-12-13T12:13:54","guid":{"rendered":"http:\/\/departamentos.unileon.es\/economia-y-estadistica\/?p=1339"},"modified":"2018-12-13T12:49:17","modified_gmt":"2018-12-13T12:49:17","slug":"fwd-newsletter-diciembre-2018","status":"publish","type":"post","link":"https:\/\/departamentos.unileon.es\/economia-y-estadistica\/2018\/12\/13\/fwd-newsletter-diciembre-2018\/","title":{"rendered":"Fwd: Newsletter Diciembre 2018"},"content":{"rendered":"<div dir=\"ltr\"><div class=\"gmail_quote\"><div><div style=\"font-family:Arial;font-size:12pt;color:#000000\"><div style=\"margin:0;border:0;padding:20px 0;background-color:#eeeeee\"><div style=\"font-family:Helvetica,Arial,sans-serif;font-size:14px;margin:00px auto;color:#000;background-color:#ffffff;max-width:600px;min-width:300px\"><div><br><img decoding=\"async\" src=\"http:\/\/departamentos.unileon.es\/economia-y-estadistica\/files\/2018\/12\/cabecera.jpg\" alt=\"\" style=\"height:auto;max-width:100%;border:0\"><\/div><div style=\"margin:10px 20px 20px 20px;text-align:right;font-size:12px;color:rgb(0,178,169)\"><b>Newsletter<\/b> \u00b7 Diciembre 2018<\/div><div style=\"margin:0 20px 20px\"><div style=\"font-size:17px;font-weight:bold;margin-bottom:20px;border-bottom:1px solid #000;color:rgb(0,98,101)\">ACTUALIDAD<\/div><div style=\"margin-bottom:20px\"><img decoding=\"async\" src=\"http:\/\/departamentos.unileon.es\/economia-y-estadistica\/files\/2018\/12\/img-01.jpg\" alt=\"\" style=\"height:auto;max-width:100%;border:0\"><\/div><div style=\"padding:0 0 20px 0\"><div style=\"color:rgb(0,178,169);font-size:15px;font-weight:bold;margin-bottom:5px\">Nueva base de datos<\/div><div style=\"font-size:18px;font-weight:bold;margin-bottom:5px\">La poblaci\u00f3n sin acceso a una sucursal bancaria en su municipio aumenta un 7,7% en 2017<\/div><div style=\"margin-top:10px\"><a href=\"https:\/\/www.ivie.es\/es_ES\/la-poblacion-sin-acceso-una-sucursal-bancaria-municipio-aumenta-77-2017\/?utm_source=Newsletter&amp;utm_medium=email&amp;utm_content=envio1&amp;utm_campaign=Diciembre%202018\" style=\"display:inline-block;font-size:12px;border:1px solid #000;color:#000;padding:8px;text-decoration:none\" target=\"_blank\">Ver m\u00e1s<\/a><\/div><\/div><\/div><div style=\"margin:0 20px 20px\"><div style=\"overflow:hidden;display:table-row\"><div style=\"display:table-cell;padding:0 20px 20px 0;max-width:240px;min-width:100px;vertical-align:top\"><img decoding=\"async\" src=\"http:\/\/departamentos.unileon.es\/economia-y-estadistica\/files\/2018\/12\/img-02-02.jpg\" alt=\"\" style=\"height:auto;max-width:100%;border:0\"><\/div><div style=\"display:table-cell;padding:0 0 20px 0;max-width:300px;min-width:140px;vertical-align:top\"><div style=\"color:rgb(0,178,169);font-size:15px;font-weight:bold;margin-bottom:5px\">Impacto econ\u00f3mico<\/div><div style=\"font-size:18px;font-weight:bold;margin-bottom:5px\">La actividad de Mercadona aporta el 1,1% del PIB y el 1,8% del empleo en Catalu\u00f1a<\/div><div style=\"margin-top:10px\"><a href=\"https:\/\/www.ivie.es\/es_ES\/mercadona-aporta-11-del-pib-18-del-empleo-cataluna\/?utm_source=Newsletter&amp;utm_medium=email&amp;utm_content=envio1&amp;utm_campaign=Diciembre%202018\" style=\"display:inline-block;font-size:12px;border:1px solid #000;color:#000;padding:8px;text-decoration:none\" target=\"_blank\">Ver m\u00e1s<\/a><\/div><\/div><\/div><div style=\"overflow:hidden;display:table-row\"><div style=\"display:table-cell;padding:0 20px 20px 0;max-width:240px;min-width:100px;vertical-align:top\"><img decoding=\"async\" src=\"http:\/\/departamentos.unileon.es\/economia-y-estadistica\/files\/2018\/12\/img-02.jpg\" alt=\"\" style=\"height:auto;max-width:100%;border:0\"><\/div><div style=\"display:table-cell;padding:0 0 20px 0;max-width:300px;min-width:140px;vertical-align:top\"><div style=\"color:rgb(0,178,169);font-size:15px;font-weight:bold;margin-bottom:5px\">IvieLAB<\/div><div style=\"font-size:18px;font-weight:bold;margin-bottom:5px\">Jos\u00e9 Garc\u00eda-Montalvo: \u201cHay que evaluar los resultados de las pol\u00edticas p\u00fablicas de vivienda, no las intenciones\u201d<\/div><div style=\"margin-top:10px\"><a href=\"https:\/\/www.ivie.es\/es_ES\/garcia-montalvo-evaluar-los-resultados-las-politicas-publicas-vivienda-no-las-intenciones\/?utm_source=Newsletter&amp;utm_medium=email&amp;utm_content=envio1&amp;utm_campaign=Diciembre%202018\" style=\"display:inline-block;font-size:12px;border:1px solid #000;color:#000;padding:8px;text-decoration:none\" target=\"_blank\">Ver m\u00e1s<\/a><\/div><\/div><\/div><div style=\"overflow:hidden;display:table-row\"><div style=\"display:table-cell;padding:0 20px 20px 0;max-width:240px;min-width:100px;vertical-align:top\"><img decoding=\"async\" src=\"http:\/\/departamentos.unileon.es\/economia-y-estadistica\/files\/2018\/12\/img-03.jpg\" alt=\"\" style=\"height:auto;max-width:100%;border:0\"><\/div><div style=\"display:table-cell;padding:0 0 20px 0;max-width:300px;min-width:140px;vertical-align:top\"><div style=\"color:rgb(0,178,169);font-size:15px;font-weight:bold;margin-bottom:5px\">Esenciales<\/div><div style=\"font-size:18px;font-weight:bold;margin-bottom:5px\"><b>La brecha de g\u00e9nero se reduce un 43% en las ocupaciones en las que la proporci\u00f3n de hombres y mujeres es similar<\/b><\/div><div style=\"margin-top:10px\"><a href=\"https:\/\/www.ivie.es\/es_ES\/la-brecha-genero-se-reduce-43-las-ocupaciones-las-la-proporcion-hombres-mujeres-similar\/?utm_source=Newsletter&amp;utm_medium=email&amp;utm_content=envio1&amp;utm_campaign=Diciembre%202018\" style=\"display:inline-block;font-size:12px;border:1px solid #000;color:#000;padding:8px;text-decoration:none\" target=\"_blank\">Ver m\u00e1s<\/a><\/div><\/div><\/div><div style=\"overflow:hidden;display:table-row\"><div style=\"display:table-cell;padding:0 20px 20px 0;max-width:240px;min-width:100px;vertical-align:top\"><img decoding=\"async\" src=\"http:\/\/departamentos.unileon.es\/economia-y-estadistica\/files\/2018\/12\/img-04.jpg\" alt=\"\" style=\"height:auto;max-width:100%;border:0\"><\/div><div style=\"display:table-cell;padding:0 0 20px 0;max-width:300px;min-width:140px;vertical-align:top\"><div style=\"color:rgb(0,178,169);font-size:15px;font-weight:bold;margin-bottom:5px\">Foco AVE<\/div><div style=\"font-size:18px;font-weight:bold;margin-bottom:5px\"><b>La Comunitat Valenciana recorta la brecha en esfuerzo innovador que le separa de Espa\u00f1a<\/b><\/div><div style=\"margin-top:10px\"><a href=\"https:\/\/www.ivie.es\/es_ES\/la-comunitat-valenciana-recorta-la-brecha-esfuerzo-innovador-le-separa-espana\/?utm_source=Newsletter&amp;utm_medium=email&amp;utm_content=envio1&amp;utm_campaign=Diciembre%202018\" style=\"display:inline-block;font-size:12px;border:1px solid #000;color:#000;padding:8px;text-decoration:none\" target=\"_blank\">Ver m\u00e1s<\/a><\/div><\/div><\/div><div style=\"overflow:hidden;display:table-row\"><div style=\"display:table-cell;padding:0 20px 20px 0;max-width:240px;min-width:100px;vertical-align:top\"><img decoding=\"async\" src=\"http:\/\/departamentos.unileon.es\/economia-y-estadistica\/files\/2018\/12\/img-05.jpg\" alt=\"\" style=\"height:auto;max-width:100%;border:0\"><\/div><div style=\"display:table-cell;padding:0 0 20px 0;max-width:300px;min-width:140px;vertical-align:top\"><div style=\"color:rgb(0,178,169);font-size:15px;font-weight:bold;margin-bottom:5px\">Observatorio GECE<\/div><div style=\"font-size:18px;font-weight:bold;margin-bottom:5px\"><b>Las empresas familiares valencianas m\u00e1s competitivas son m\u00e1s solventes y rentables a largo plazo que las no familiares<\/b><\/div><div style=\"margin-top:10px\"><a href=\"https:\/\/www.ivie.es\/es_ES\/las-empresas-familiares-valencianas-mas-competitivas-mas-solventes-rentables-largo-plazo-las-no-familiares\/?utm_source=Newsletter&amp;utm_medium=email&amp;utm_content=envio1&amp;utm_campaign=Diciembre%202018\" style=\"display:inline-block;font-size:12px;border:1px solid #000;color:#000;padding:8px;text-decoration:none\" target=\"_blank\">Ver m\u00e1s<\/a><\/div><\/div><\/div><div style=\"overflow:hidden;display:table-row\"><div style=\"display:table-cell;padding:0 20px 20px 0;max-width:240px;min-width:100px;vertical-align:top\"><img decoding=\"async\" src=\"http:\/\/departamentos.unileon.es\/economia-y-estadistica\/files\/2018\/12\/img-06.jpg\" alt=\"\" style=\"height:auto;max-width:100%;border:0\"><\/div><div style=\"display:table-cell;padding:0 0 20px 0;max-width:300px;min-width:140px;vertical-align:top\"><div style=\"color:rgb(0,178,169);font-size:15px;font-weight:bold;margin-bottom:5px\"><b>Reconocimientos<\/b><\/div><div style=\"font-size:18px;font-weight:bold;margin-bottom:5px\"><b>La Asociaci\u00f3n Espa\u00f1ola de Ciencia Regional otorga al Ivie el premio de Ciencia Regional por su contribuci\u00f3n a la investigaci\u00f3n econ\u00f3mica<\/b><\/div><div style=\"margin-top:10px\"><a href=\"https:\/\/www.ivie.es\/es_ES\/la-asociacion-espanola-ciencia-regional-otorga-al-ivie-premio-ciencia-regional-contribucion-la-investigacion-economica\/?utm_source=Newsletter&amp;utm_medium=email&amp;utm_content=envio1&amp;utm_campaign=Diciembre%202018\" style=\"display:inline-block;font-size:12px;border:1px solid #000;color:#000;padding:8px;text-decoration:none\" target=\"_blank\">Ver m\u00e1s<\/a><\/div><\/div><\/div><\/div><div style=\"margin:0 20px 20px\"><div style=\"font-size:17px;font-weight:bold;margin-bottom:20px;border-bottom:1px solid #000;color:rgb(0,98,101)\">DI\u00c1LOGOS FUNDACI\u00d3 ERNEST LLUCH<\/div><div style=\"overflow:hidden;display:table-row\"><div style=\"display:table-cell;padding:0 20px 20px 0;max-width:240px;min-width:100px;vertical-align:top\"><img decoding=\"async\" src=\"http:\/\/departamentos.unileon.es\/economia-y-estadistica\/files\/2018\/12\/img-07.jpg\" alt=\"\" style=\"height:auto;max-width:100%;border:0\"><\/div><div style=\"display:table-cell;padding:0 0 20px 0;max-width:300px;min-width:140px;vertical-align:top\"><div style=\"color:rgb(0,178,169);font-size:15px;font-weight:bold;margin-bottom:5px\">Joaqu\u00edn Almunia y Daniel Innerarity<\/div><div style=\"font-size:18px;font-weight:bold;margin-bottom:5px\"><b>La UE tiene que buscar elementos de convergencia y no tolerar determinados suelos sociales en ninguno de sus miembros<\/b><\/div><div style=\"margin-top:10px\"><a href=\"https:\/\/www.ivie.es\/es_ES\/la-ue-buscar-elementos-convergencia-no-tolerar-determinados-suelos-sociales-ninguno-miembros\/?utm_source=Newsletter&amp;utm_medium=email&amp;utm_content=envio1&amp;utm_campaign=Diciembre%202018\" style=\"display:inline-block;font-size:12px;border:1px solid #000;color:#000;padding:8px;text-decoration:none\" target=\"_blank\">Ver m\u00e1s<\/a><\/div><\/div><\/div><div style=\"overflow:hidden;display:table-row\"><div style=\"display:table-cell;padding:0 20px 20px 0;max-width:240px;min-width:100px;vertical-align:top\"><img decoding=\"async\" src=\"http:\/\/departamentos.unileon.es\/economia-y-estadistica\/files\/2018\/12\/img-08.jpg\" alt=\"\" style=\"height:auto;max-width:100%;border:0\"><\/div><div style=\"display:table-cell;padding:0 0 20px 0;max-width:300px;min-width:140px;vertical-align:top\"><div style=\"color:rgb(0,178,169);font-size:15px;font-weight:bold;margin-bottom:5px\">Sara de la Rica y Aitor Lacuesta<\/div><div style=\"font-size:18px;font-weight:bold;margin-bottom:5px\"><b>El tiempo que tarda un trabajador en pasar de un contrato temporal a uno indefinido se ha duplicado tras la crisis y ya alcanza los 8 a\u00f1os<\/b><\/div><div style=\"margin-top:10px\"><a href=\"https:\/\/www.ivie.es\/es_ES\/tiempo-tarda-trabajador-pasar-contrato-temporal-uno-indefinido-se-ha-duplicado-tras-la-crisis-ya-alcanza-los-8-anos\/?utm_source=Newsletter&amp;utm_medium=email&amp;utm_content=envio1&amp;utm_campaign=Diciembre%202018\" style=\"display:inline-block;font-size:12px;border:1px solid #000;color:#000;padding:8px;text-decoration:none\" target=\"_blank\">Ver m\u00e1s<\/a><\/div><\/div><\/div><\/div><div style=\"margin:0 20px 20px\"><div style=\"font-size:17px;font-weight:bold;margin-bottom:20px;border-bottom:1px solid #000;color:rgb(0,98,101)\">INVESTIGACI\u00d3N<\/div><div style=\"overflow:hidden;display:table-row\"><div style=\"display:table-cell;padding:0 20px 20px 0;max-width:240px;min-width:100px;vertical-align:top\"><img decoding=\"async\" src=\"http:\/\/departamentos.unileon.es\/economia-y-estadistica\/files\/2018\/12\/img-09.jpg\" alt=\"\" style=\"height:auto;max-width:100%;border:0\"><\/div><div style=\"display:table-cell;padding:0 0 20px 0;max-width:300px;min-width:140px;vertical-align:top\"><div style=\"color:rgb(0,178,169);font-size:15px;font-weight:bold;margin-bottom:5px\">WP Serie AD<\/div><div style=\"font-size:18px;font-weight:bold;margin-bottom:5px\">Can education reduce traditional gender role attitudes?<\/div><div style=\"margin-bottom:10px;color:#6b6b6b\">Noelia Rivera Garrido<\/div><div style=\"margin-top:10px\"><a href=\"https:\/\/www.ivie.es\/es_ES\/investigacion\/publicaciones\/documento\/2018-7-can-education-reduce-traditional-gender-role-attitudes\/?utm_source=Newsletter&amp;utm_medium=email&amp;utm_content=envio1&amp;utm_campaign=Diciembre%202018\" style=\"display:inline-block;font-size:12px;border:1px solid #000;color:#000;padding:8px;text-decoration:none\" target=\"_blank\">Ver m\u00e1s<\/a><\/div><\/div><\/div><div style=\"overflow:hidden;display:table-row\"><div style=\"display:table-cell;padding:0 20px 20px 0;max-width:240px;min-width:100px;vertical-align:top\"><img decoding=\"async\" src=\"http:\/\/departamentos.unileon.es\/economia-y-estadistica\/files\/2018\/12\/img-10-10.jpg\" alt=\"\" style=\"height:auto;max-width:100%;border:0\"><\/div><div style=\"display:table-cell;padding:0 0 20px 0;max-width:300px;min-width:140px;vertical-align:top\"><div style=\"color:rgb(0,178,169);font-size:15px;font-weight:bold;margin-bottom:5px\">Art\u00edculo<\/div><div style=\"font-size:18px;font-weight:bold;margin-bottom:5px\">Formaci\u00f3n, mercado de trabajo y crecimiento econ\u00f3mico en Espa\u00f1a: \u00bfun nuevo modelo tras la crisis?<\/div><div style=\"margin-bottom:10px;color:#6b6b6b\"><b>Laura Hern\u00e1ndez<\/b> y <b>Lorenzo Serrano <\/b><\/div><div style=\"margin-top:10px\"><a href=\"https:\/\/www.ivie.es\/es_ES\/ptdoc\/formacion-mercado-trabajo-crecimiento-economico-espana-nuevo-modelo-tras-la-crisis\/?utm_source=Newsletter&amp;utm_medium=email&amp;utm_content=envio1&amp;utm_campaign=Diciembre%202018\" style=\"display:inline-block;font-size:12px;border:1px solid #000;color:#000;padding:8px;text-decoration:none\" target=\"_blank\">Ver m\u00e1s<\/a><\/div><\/div><\/div><div style=\"overflow:hidden;display:table-row\"><div style=\"display:table-cell;padding:0 20px 20px 0;max-width:240px;min-width:100px;vertical-align:top\"><img decoding=\"async\" src=\"http:\/\/departamentos.unileon.es\/economia-y-estadistica\/files\/2018\/12\/img-11.jpg\" alt=\"\" style=\"height:auto;max-width:100%;border:0\"><\/div><div style=\"display:table-cell;padding:0 0 20px 0;max-width:300px;min-width:140px;vertical-align:top\"><div style=\"color:rgb(0,178,169);font-size:15px;font-weight:bold;margin-bottom:5px\">Art\u00edculo<\/div><div style=\"font-size:18px;font-weight:bold;margin-bottom:5px\">\u201cOut of Sight, Out of Mind?\u201d The Role of Physical Stressors, Cognitive Appraisal, and Positive Emotions in Employees\u2019 Health<\/div><div style=\"margin-bottom:10px;color:#6b6b6b\">Ma\u0142gorzata W. Ko\u017cusznik, <b>Jos\u00e9 M. Peir\u00f3<\/b>, Aida Soriano y Miriam Navarro Escudero<\/div><div style=\"margin-top:10px\"><a href=\"https:\/\/www.ivie.es\/es_ES\/ptdoc\/out-of-sight-out-of-mind-the-role-of-physical-stressors-cognitive-appraisal-and-positive-emotions-in-employees-health\/?utm_source=Newsletter&amp;utm_medium=email&amp;utm_content=envio1&amp;utm_campaign=Diciembre%202018\" style=\"display:inline-block;font-size:12px;border:1px solid #000;color:#000;padding:8px;text-decoration:none\" target=\"_blank\">Ver m\u00e1s<\/a><\/div><\/div><\/div><div style=\"overflow:hidden;display:table-row\"><div style=\"display:table-cell;padding:0 20px 20px 0;max-width:240px;min-width:100px;vertical-align:top\"><img decoding=\"async\" src=\"http:\/\/departamentos.unileon.es\/economia-y-estadistica\/files\/2018\/12\/img-12.jpg\" alt=\"\" style=\"height:auto;max-width:100%;border:0\"><\/div><div style=\"display:table-cell;padding:0 0 20px 0;max-width:300px;min-width:140px;vertical-align:top\"><div style=\"color:rgb(0,178,169);font-size:15px;font-weight:bold;margin-bottom:5px\">Art\u00edculo<\/div><div style=\"font-size:18px;font-weight:bold;margin-bottom:5px\">Understanding a better future: antecedents of market performance<\/div><div style=\"margin-bottom:10px;color:#6b6b6b\">Jony Oktavian Haryanto, Luiz Moutinho, <b>Joaqu\u00edn Aldas-Manzano <\/b>y Ihsan Hadiansah<\/div><div style=\"margin-top:10px\"><a href=\"https:\/\/www.ivie.es\/es_ES\/ptdoc\/understanding-better-future-antecedents-of-market-performance\/?utm_source=Newsletter&amp;utm_medium=email&amp;utm_content=envio1&amp;utm_campaign=Diciembre%202018\" style=\"display:inline-block;font-size:12px;border:1px solid #000;color:#000;padding:8px;text-decoration:none\" target=\"_blank\">Ver m\u00e1s<\/a><\/div><\/div><\/div><div style=\"overflow:hidden;display:table-row\"><div style=\"display:table-cell;padding:0 0 20px 0;max-width:300px;min-width:140px;vertical-align:top\"><br><\/div><\/div><\/div><div style=\"margin:0 20px 20px\"><div style=\"font-size:17px;font-weight:bold;margin-bottom:20px;border-bottom:1px solid #000;color:rgb(0,98,101)\">VIDEOBLOG<\/div><div style=\"overflow:hidden;display:table-row\"><div style=\"display:table-cell;padding:0 20px 20px 0;max-width:240px;min-width:100px;vertical-align:top\"><img decoding=\"async\" src=\"http:\/\/departamentos.unileon.es\/economia-y-estadistica\/files\/2018\/12\/img-videoblog.jpg\" alt=\"\" style=\"height:auto;max-width:100%;border:0\"><\/div><div style=\"display:table-cell;padding:0 0 20px 0;max-width:300px;min-width:140px;vertical-align:top\"><div style=\"font-size:18px;font-weight:bold;margin-bottom:5px\">Gasto y resultados educativos en Espa\u00f1a. Diferencias regionales<\/div><div style=\"margin-bottom:10px;color:#6b6b6b\"><b>Laura Hern\u00e1ndez<\/b><\/div><div style=\"margin-top:10px\"><a href=\"http:\/\/www.ivie.es\/es_ES\/actualidad\/videos\/videoblog\/?utm_source=Newsletter&amp;utm_medium=email&amp;utm_content=envio1&amp;utm_campaign=Diciembre%202018\" style=\"display:inline-block;font-size:12px;border:1px solid #000;color:#000;padding:8px;text-decoration:none\" target=\"_blank\">Ver m\u00e1s<\/a><\/div><\/div><\/div><\/div><div style=\"margin:0 20px 20px\"><div style=\"font-size:17px;font-weight:bold;margin-bottom:20px;border-bottom:1px solid #000;color:rgb(0,98,101)\">OPINI\u00d3N<\/div><div style=\"margin-bottom:20px\"><img decoding=\"async\" src=\"http:\/\/departamentos.unileon.es\/economia-y-estadistica\/files\/2018\/12\/ImagenesNewsletter_oct2016-04.jpg\" alt=\"\" style=\"height:auto;max-width:100%;border:0\"><\/div><div style=\"padding:0 0 20px 0\"><div style=\"color:rgb(0,178,169);font-size:15px;font-weight:bold;margin-bottom:5px\">Cinco D\u00edas<\/div><div style=\"font-size:18px;font-weight:bold;margin-bottom:5px\">Una banca que resiste en el contexto europeo<\/div><div style=\"margin-bottom:10px;color:#6b6b6b\">Joaqu\u00edn Maudos<\/div><div style=\"margin-top:10px\"><a href=\"https:\/\/cincodias.elpais.com\/cincodias\/2018\/11\/02\/companias\/1541188233_917475.html\" style=\"display:inline-block;font-size:12px;border:1px solid #000;color:#000;padding:8px;text-decoration:none\" target=\"_blank\">Ver m\u00e1s<\/a><\/div><\/div><div style=\"padding:0 0 20px 0\"><div style=\"color:rgb(0,178,169);font-size:15px;font-weight:bold;margin-bottom:5px\">El Economista CV<\/div><div style=\"font-size:18px;font-weight:bold;margin-bottom:5px\">\u00bfLograremos que las empresas valencianas crezcan?<\/div><div style=\"margin-bottom:10px;color:#6b6b6b\">Alejandro Escrib\u00e1<\/div><div style=\"margin-top:10px\"><a href=\"https:\/\/www.ivie.es\/wp-content\/uploads\/2018\/11\/ElEconomista_GECEtribunaAEscriba_30112018.pdf\" style=\"display:inline-block;font-size:12px;border:1px solid #000;color:#000;padding:8px;text-decoration:none\" target=\"_blank\">Ver m\u00e1s<\/a><\/div><\/div><div style=\"padding:0 0 20px 0\"><div style=\"color:rgb(0,178,169);font-size:15px;font-weight:bold;margin-bottom:5px\">Agenda P\u00fablica<\/div><div style=\"font-size:18px;font-weight:bold;margin-bottom:5px\">El coste econ\u00f3mico de la debilidad institucional<\/div><div style=\"margin-bottom:10px;color:#6b6b6b\">Francisco Alcal\u00e1 y Fernando Jim\u00e9nez<\/div><div style=\"margin-top:10px\"><a href=\"http:\/\/agendapublica.elperiodico.com\/el-coste-economico-de-la-debilidad-institucional\/\" style=\"display:inline-block;font-size:12px;border:1px solid #000;color:#000;padding:8px;text-decoration:none\" target=\"_blank\">Ver m\u00e1s<\/a><\/div><\/div><div style=\"padding:0 0 20px 0\"><div style=\"color:rgb(0,178,169);font-size:15px;font-weight:bold;margin-bottom:5px\">Cinco D\u00edas<\/div><div style=\"font-size:18px;font-weight:bold;margin-bottom:5px\">\u00bfEstamos listos para las nuevas curvas?<\/div><div style=\"margin-bottom:10px;color:#6b6b6b\">Matilde Mas<\/div><div style=\"margin-top:10px\"><a href=\"https:\/\/cincodias.elpais.com\/cincodias\/2018\/11\/27\/mercados\/1543337704_050930.html\" style=\"display:inline-block;font-size:12px;border:1px solid #000;color:#000;padding:8px;text-decoration:none\" target=\"_blank\">Ver m\u00e1s<\/a><\/div><\/div><div style=\"padding:0 0 20px 0\"><div style=\"color:rgb(0,178,169);font-size:15px;font-weight:bold;margin-bottom:5px\">El Diario<\/div><div style=\"font-size:18px;font-weight:bold;margin-bottom:5px\">\u00bfCu\u00e1nto nos cuestan la corrupci\u00f3n y el d\u00e9ficit de calidad institucional en Espa\u00f1a y qu\u00e9 podemos hacer para evitarlo?<\/div><div style=\"margin-bottom:10px;color:#6b6b6b\">Francisco Alcal\u00e1 y Fernando Jim\u00e9nez<\/div><div style=\"margin-top:10px\"><a href=\"https:\/\/www.eldiario.es\/cv\/arguments\/corrupcion-deficit-institucional-Espana-evitarlo_6_835076500.html\" style=\"display:inline-block;font-size:12px;border:1px solid #000;color:#000;padding:8px;text-decoration:none\" target=\"_blank\">Ver m\u00e1s<\/a><\/div><\/div><\/div><div style=\"background-color:rgb(0,98,101)\"><div style=\"margin:0 auto;max-width:300px;text-align:center;color:#fff;padding:15px 0;font-size:11px;font-weight:bold\"><div style=\"margin-bottom:20px\"><a href=\"https:\/\/twitter.com\/ivie_news\" target=\"_blank\"><img decoding=\"async\" src=\"http:\/\/departamentos.unileon.es\/economia-y-estadistica\/files\/2018\/12\/img-03-1.jpg\" alt=\"\" style=\"height:auto;max-width:100%;border:0;margin-right:10px\"><\/a> <a href=\"http:\/\/www.ivie.es\/?utm_source=Newsletter&amp;utm_medium=email&amp;utm_content=envio1&amp;utm_campaign=Diciembre%202018\" target=\"_blank\"><img decoding=\"async\" src=\"http:\/\/departamentos.unileon.es\/economia-y-estadistica\/files\/2018\/12\/img-04-1.jpg\" alt=\"\" style=\"height:auto;max-width:100%;border:0;margin-right:10px\"><\/a> <a href=\"mailto:ivie@ivie.es\" target=\"_blank\"><img decoding=\"async\" src=\"http:\/\/departamentos.unileon.es\/economia-y-estadistica\/files\/2018\/12\/img-05-1.jpg\" alt=\"\" style=\"height:auto;max-width:100%;border:0;margin-right:10px\"><\/a> <a href=\"https:\/\/www.linkedin.com\/company\/7288080\" target=\"_blank\"><img decoding=\"async\" src=\"http:\/\/departamentos.unileon.es\/economia-y-estadistica\/files\/2018\/12\/img-06-1.jpg\" alt=\"\" style=\"height:auto;max-width:100%;border:0;margin-right:10px\"><\/a> <a href=\"https:\/\/www.youtube.com\/user\/ivievideos\" target=\"_blank\"><img decoding=\"async\" src=\"http:\/\/departamentos.unileon.es\/economia-y-estadistica\/files\/2018\/12\/img-07-1.jpg\" alt=\"\" style=\"height:auto;max-width:100%;border:0\"><\/a><\/div>C\/Guardia Civil, 22 esc 2. 1\u00ba<br> (acceso por Daniel Balaciart &#8211; bajo) <br> 46020 Valencia <br> <br> +34 96 319 00 50 &#8211; Tel. <br> +34 96 319 00 55 &#8211; Fax <br><\/div><\/div><div style=\"padding:0 20px 20px;font-size:12px\"><div style=\"margin:1.5em auto;max-width:500px;font-size:10px\">Para darse de baja de nuestra newsletter o modificar su direcci\u00f3n de correo electr\u00f3nico, env\u00edenos un email a <a href=\"mailto:ivie@ivie.es\" style=\"color:#000;text-decoration:none\" target=\"_blank\"><b><a href=\"mailto:ivie@ivie.es\" >ivie@ivie.es<\/a><\/b><\/a><\/div><div style=\"text-align:center\"><a style=\"color:rgb(0,178,169);text-decoration:none\" href=\"http:\/\/www.ivie.es\/?utm_source=Newsletter&amp;utm_medium=email&amp;utm_content=envio1&amp;utm_campaign=Diciembre%202018\" target=\"_blank\"><b>www.ivie.es<\/b><\/a><\/div><\/div><\/div><\/div><br><div><br><\/div><br><\/div> <br><div style=\"font-size:8px;color:grey\"><p>Sus datos personales ser\u00e1n usados para nuestra relaci\u00f3n y poder prestarle nuestros servicios. Dichos datos son necesarios para poder relacionarnos con usted, lo que nos permite el uso de su informaci\u00f3n dentro de la legalidad. Asimismo, podr\u00e1n tener conocimiento de su informaci\u00f3n aquellas entidades que necesiten tener acceso a la misma para que podamos prestarle nuestros servicios. Conservaremos sus datos durante nuestra relaci\u00f3n y mientras nos obliguen las leyes aplicables. En cualquier momento puede dirigirse a nosotros para saber qu\u00e9 informaci\u00f3n tenemos sobre usted, rectificarla si fuese incorrecta y eliminarla una vez finalizada nuestra relaci\u00f3n. Tambi\u00e9n tiene derecho a solicitar el traspaso de su informaci\u00f3n a otra entidad (portabilidad). Para solicitar alguno de estos derechos, deber\u00e1 realizar una solicitud escrita a nuestra direcci\u00f3n, ju  nto con   una fotocopia de su DNI. En caso de que entienda que sus derechos han sido desatendidos, puede formular una reclamaci\u00f3n en la Agencia Espa\u00f1ola de Protecci\u00f3n de Datos (<a href=\"http:\/\/www.agpd.es\" target=\"_blank\">www.agpd.es<\/a>).<\/p><p>El contenido de esta comunicaci\u00f3n, as\u00ed como el de toda la documentaci\u00f3n anexa, est\u00e1 sujeta al deber de secreto y va dirigida \u00fanicamente a su destinatario. En el supuesto de que usted no fuera el destinatario, le solicitamos que nos lo indique y no comunique su contenido a terceros, procediendo a su destrucci\u00f3n.<\/p><\/div>\r\n<br><\/div> <div style=\"font-size:8px;color:grey\"> <p>En cumplimiento de lo establecido en los art\u00edculos 21 y 22 de la Ley 34\/2002, de 11 de julio, de servicios de la sociedad de la informaci\u00f3n y de comercio electr\u00f3nico, usted tiene el derecho a dejar de recibir mensajes de newsletter-ivie, para ello siga el siguiente enlace:<br> <a href=\"http:\/\/listserv.rediris.es\/cgi-bin\/wa?SUBED1=newsletter-ivie&amp;A=1\" target=\"_blank\">http:\/\/listserv.rediris.es\/cgi-bin\/wa?SUBED1=newsletter-ivie&amp;A=1<\/a> <\/p> <\/div><br><\/div><br clear=\"all\"><div><br><\/div>","protected":false},"excerpt":{"rendered":"<p>Newsletter \u00b7 Diciembre 2018ACTUALIDADNueva base de datosLa poblaci\u00f3n sin acceso a una sucursal bancaria en su municipio aumenta un 7,7% en 2017Ver m\u00e1sImpacto econ\u00f3micoLa actividad de Mercadona aporta el 1,1% del PIB y el 1,8% del empleo en Catalu\u00f1aVer m\u00e1sIvieLABJos\u00e9 Garc\u00eda-Montalvo: \u201cHay que evaluar los resultados de las pol\u00edticas p\u00fablicas de vivienda, no las intenciones\u201dVer [&hellip;]<\/p>\n","protected":false},"author":162,"featured_media":0,"comment_status":"closed","ping_status":"closed","sticky":false,"template":"","format":"standard","meta":{"ngg_post_thumbnail":0,"footnotes":""},"categories":[1],"tags":[],"class_list":["post-1339","post","type-post","status-publish","format-standard","hentry","category-sin-categoria"],"yoast_head":"<!-- This site is optimized with the Yoast SEO plugin v25.8 - https:\/\/yoast.com\/wordpress\/plugins\/seo\/ -->\n<title>Fwd: Newsletter Diciembre 2018 - Departamento de Econom\u00eda y Estad\u00edstica<\/title>\n<meta name=\"robots\" content=\"index, follow, max-snippet:-1, max-image-preview:large, max-video-preview:-1\" \/>\n<link rel=\"canonical\" href=\"https:\/\/departamentos.unileon.es\/economia-y-estadistica\/2018\/12\/13\/fwd-newsletter-diciembre-2018\/\" \/>\n<meta property=\"og:locale\" content=\"es_ES\" \/>\n<meta property=\"og:type\" content=\"article\" \/>\n<meta property=\"og:title\" content=\"Fwd: Newsletter Diciembre 2018 - Departamento de Econom\u00eda y Estad\u00edstica\" \/>\n<meta property=\"og:description\" content=\"Newsletter \u00b7 Diciembre 2018ACTUALIDADNueva base de datosLa poblaci\u00f3n sin acceso a una sucursal bancaria en su municipio aumenta un 7,7% en 2017Ver m\u00e1sImpacto econ\u00f3micoLa actividad de Mercadona aporta el 1,1% del PIB y el 1,8% del empleo en Catalu\u00f1aVer m\u00e1sIvieLABJos\u00e9 Garc\u00eda-Montalvo: \u201cHay que evaluar los resultados de las pol\u00edticas p\u00fablicas de vivienda, no las intenciones\u201dVer [&hellip;]\" \/>\n<meta property=\"og:url\" content=\"https:\/\/departamentos.unileon.es\/economia-y-estadistica\/2018\/12\/13\/fwd-newsletter-diciembre-2018\/\" \/>\n<meta property=\"og:site_name\" content=\"Departamento de Econom\u00eda y Estad\u00edstica\" \/>\n<meta property=\"article:published_time\" content=\"2018-12-13T12:13:54+00:00\" \/>\n<meta property=\"article:modified_time\" content=\"2018-12-13T12:49:17+00:00\" \/>\n<meta property=\"og:image\" content=\"http:\/\/departamentos.unileon.es\/economia-y-estadistica\/files\/2018\/12\/cabecera.jpg\" \/>\n<meta name=\"author\" content=\"deedir\" \/>\n<meta name=\"twitter:card\" content=\"summary_large_image\" \/>\n<meta name=\"twitter:label1\" content=\"Escrito por\" \/>\n\t<meta name=\"twitter:data1\" content=\"deedir\" \/>\n\t<meta name=\"twitter:label2\" content=\"Tiempo de lectura\" \/>\n\t<meta name=\"twitter:data2\" content=\"4 minutos\" \/>\n<script type=\"application\/ld+json\" class=\"yoast-schema-graph\">{\"@context\":\"https:\/\/schema.org\",\"@graph\":[{\"@type\":\"WebPage\",\"@id\":\"https:\/\/departamentos.unileon.es\/economia-y-estadistica\/2018\/12\/13\/fwd-newsletter-diciembre-2018\/\",\"url\":\"https:\/\/departamentos.unileon.es\/economia-y-estadistica\/2018\/12\/13\/fwd-newsletter-diciembre-2018\/\",\"name\":\"Fwd: Newsletter Diciembre 2018 - Departamento de Econom\u00eda y Estad\u00edstica\",\"isPartOf\":{\"@id\":\"https:\/\/departamentos.unileon.es\/economia-y-estadistica\/#website\"},\"primaryImageOfPage\":{\"@id\":\"https:\/\/departamentos.unileon.es\/economia-y-estadistica\/2018\/12\/13\/fwd-newsletter-diciembre-2018\/#primaryimage\"},\"image\":{\"@id\":\"https:\/\/departamentos.unileon.es\/economia-y-estadistica\/2018\/12\/13\/fwd-newsletter-diciembre-2018\/#primaryimage\"},\"thumbnailUrl\":\"http:\/\/departamentos.unileon.es\/economia-y-estadistica\/files\/2018\/12\/cabecera.jpg\",\"datePublished\":\"2018-12-13T12:13:54+00:00\",\"dateModified\":\"2018-12-13T12:49:17+00:00\",\"author\":{\"@id\":\"https:\/\/departamentos.unileon.es\/economia-y-estadistica\/#\/schema\/person\/fdeb4a665a61cb66cd2781b1513d382c\"},\"inLanguage\":\"es\",\"potentialAction\":[{\"@type\":\"ReadAction\",\"target\":[\"https:\/\/departamentos.unileon.es\/economia-y-estadistica\/2018\/12\/13\/fwd-newsletter-diciembre-2018\/\"]}]},{\"@type\":\"ImageObject\",\"inLanguage\":\"es\",\"@id\":\"https:\/\/departamentos.unileon.es\/economia-y-estadistica\/2018\/12\/13\/fwd-newsletter-diciembre-2018\/#primaryimage\",\"url\":\"https:\/\/departamentos.unileon.es\/economia-y-estadistica\/files\/2018\/12\/cabecera.jpg\",\"contentUrl\":\"https:\/\/departamentos.unileon.es\/economia-y-estadistica\/files\/2018\/12\/cabecera.jpg\",\"width\":600,\"height\":90},{\"@type\":\"WebSite\",\"@id\":\"https:\/\/departamentos.unileon.es\/economia-y-estadistica\/#website\",\"url\":\"https:\/\/departamentos.unileon.es\/economia-y-estadistica\/\",\"name\":\"Departamento de Econom\u00eda y Estad\u00edstica\",\"description\":\"P\u00e1gina web del Departamento de Econom\u00eda y Estad\u00edstica de la Universidad de Le\u00f3n\",\"potentialAction\":[{\"@type\":\"SearchAction\",\"target\":{\"@type\":\"EntryPoint\",\"urlTemplate\":\"https:\/\/departamentos.unileon.es\/economia-y-estadistica\/?s={search_term_string}\"},\"query-input\":{\"@type\":\"PropertyValueSpecification\",\"valueRequired\":true,\"valueName\":\"search_term_string\"}}],\"inLanguage\":\"es\"},{\"@type\":\"Person\",\"@id\":\"https:\/\/departamentos.unileon.es\/economia-y-estadistica\/#\/schema\/person\/fdeb4a665a61cb66cd2781b1513d382c\",\"name\":\"deedir\",\"image\":{\"@type\":\"ImageObject\",\"inLanguage\":\"es\",\"@id\":\"https:\/\/departamentos.unileon.es\/economia-y-estadistica\/#\/schema\/person\/image\/\",\"url\":\"https:\/\/secure.gravatar.com\/avatar\/5c91599fb45b35d5f59b89dfa52f78325495470ce7d26c50bf958b74195396ca?s=96&d=mm&r=g\",\"contentUrl\":\"https:\/\/secure.gravatar.com\/avatar\/5c91599fb45b35d5f59b89dfa52f78325495470ce7d26c50bf958b74195396ca?s=96&d=mm&r=g\",\"caption\":\"deedir\"},\"url\":\"https:\/\/departamentos.unileon.es\/economia-y-estadistica\/author\/julio-ignacio-abad-gonzalez\/\"}]}<\/script>\n<!-- \/ Yoast SEO plugin. -->","yoast_head_json":{"title":"Fwd: Newsletter Diciembre 2018 - Departamento de Econom\u00eda y Estad\u00edstica","robots":{"index":"index","follow":"follow","max-snippet":"max-snippet:-1","max-image-preview":"max-image-preview:large","max-video-preview":"max-video-preview:-1"},"canonical":"https:\/\/departamentos.unileon.es\/economia-y-estadistica\/2018\/12\/13\/fwd-newsletter-diciembre-2018\/","og_locale":"es_ES","og_type":"article","og_title":"Fwd: Newsletter Diciembre 2018 - Departamento de Econom\u00eda y Estad\u00edstica","og_description":"Newsletter \u00b7 Diciembre 2018ACTUALIDADNueva base de datosLa poblaci\u00f3n sin acceso a una sucursal bancaria en su municipio aumenta un 7,7% en 2017Ver m\u00e1sImpacto econ\u00f3micoLa actividad de Mercadona aporta el 1,1% del PIB y el 1,8% del empleo en Catalu\u00f1aVer m\u00e1sIvieLABJos\u00e9 Garc\u00eda-Montalvo: \u201cHay que evaluar los resultados de las pol\u00edticas p\u00fablicas de vivienda, no las intenciones\u201dVer [&hellip;]","og_url":"https:\/\/departamentos.unileon.es\/economia-y-estadistica\/2018\/12\/13\/fwd-newsletter-diciembre-2018\/","og_site_name":"Departamento de Econom\u00eda y Estad\u00edstica","article_published_time":"2018-12-13T12:13:54+00:00","article_modified_time":"2018-12-13T12:49:17+00:00","og_image":[{"url":"http:\/\/departamentos.unileon.es\/economia-y-estadistica\/files\/2018\/12\/cabecera.jpg","type":"","width":"","height":""}],"author":"deedir","twitter_card":"summary_large_image","twitter_misc":{"Escrito por":"deedir","Tiempo de lectura":"4 minutos"},"schema":{"@context":"https:\/\/schema.org","@graph":[{"@type":"WebPage","@id":"https:\/\/departamentos.unileon.es\/economia-y-estadistica\/2018\/12\/13\/fwd-newsletter-diciembre-2018\/","url":"https:\/\/departamentos.unileon.es\/economia-y-estadistica\/2018\/12\/13\/fwd-newsletter-diciembre-2018\/","name":"Fwd: Newsletter Diciembre 2018 - Departamento de Econom\u00eda y Estad\u00edstica","isPartOf":{"@id":"https:\/\/departamentos.unileon.es\/economia-y-estadistica\/#website"},"primaryImageOfPage":{"@id":"https:\/\/departamentos.unileon.es\/economia-y-estadistica\/2018\/12\/13\/fwd-newsletter-diciembre-2018\/#primaryimage"},"image":{"@id":"https:\/\/departamentos.unileon.es\/economia-y-estadistica\/2018\/12\/13\/fwd-newsletter-diciembre-2018\/#primaryimage"},"thumbnailUrl":"http:\/\/departamentos.unileon.es\/economia-y-estadistica\/files\/2018\/12\/cabecera.jpg","datePublished":"2018-12-13T12:13:54+00:00","dateModified":"2018-12-13T12:49:17+00:00","author":{"@id":"https:\/\/departamentos.unileon.es\/economia-y-estadistica\/#\/schema\/person\/fdeb4a665a61cb66cd2781b1513d382c"},"inLanguage":"es","potentialAction":[{"@type":"ReadAction","target":["https:\/\/departamentos.unileon.es\/economia-y-estadistica\/2018\/12\/13\/fwd-newsletter-diciembre-2018\/"]}]},{"@type":"ImageObject","inLanguage":"es","@id":"https:\/\/departamentos.unileon.es\/economia-y-estadistica\/2018\/12\/13\/fwd-newsletter-diciembre-2018\/#primaryimage","url":"https:\/\/departamentos.unileon.es\/economia-y-estadistica\/files\/2018\/12\/cabecera.jpg","contentUrl":"https:\/\/departamentos.unileon.es\/economia-y-estadistica\/files\/2018\/12\/cabecera.jpg","width":600,"height":90},{"@type":"WebSite","@id":"https:\/\/departamentos.unileon.es\/economia-y-estadistica\/#website","url":"https:\/\/departamentos.unileon.es\/economia-y-estadistica\/","name":"Departamento de Econom\u00eda y Estad\u00edstica","description":"P\u00e1gina web del Departamento de Econom\u00eda y Estad\u00edstica de la Universidad de Le\u00f3n","potentialAction":[{"@type":"SearchAction","target":{"@type":"EntryPoint","urlTemplate":"https:\/\/departamentos.unileon.es\/economia-y-estadistica\/?s={search_term_string}"},"query-input":{"@type":"PropertyValueSpecification","valueRequired":true,"valueName":"search_term_string"}}],"inLanguage":"es"},{"@type":"Person","@id":"https:\/\/departamentos.unileon.es\/economia-y-estadistica\/#\/schema\/person\/fdeb4a665a61cb66cd2781b1513d382c","name":"deedir","image":{"@type":"ImageObject","inLanguage":"es","@id":"https:\/\/departamentos.unileon.es\/economia-y-estadistica\/#\/schema\/person\/image\/","url":"https:\/\/secure.gravatar.com\/avatar\/5c91599fb45b35d5f59b89dfa52f78325495470ce7d26c50bf958b74195396ca?s=96&d=mm&r=g","contentUrl":"https:\/\/secure.gravatar.com\/avatar\/5c91599fb45b35d5f59b89dfa52f78325495470ce7d26c50bf958b74195396ca?s=96&d=mm&r=g","caption":"deedir"},"url":"https:\/\/departamentos.unileon.es\/economia-y-estadistica\/author\/julio-ignacio-abad-gonzalez\/"}]}},"_links":{"self":[{"href":"https:\/\/departamentos.unileon.es\/economia-y-estadistica\/wp-json\/wp\/v2\/posts\/1339","targetHints":{"allow":["GET"]}}],"collection":[{"href":"https:\/\/departamentos.unileon.es\/economia-y-estadistica\/wp-json\/wp\/v2\/posts"}],"about":[{"href":"https:\/\/departamentos.unileon.es\/economia-y-estadistica\/wp-json\/wp\/v2\/types\/post"}],"author":[{"embeddable":true,"href":"https:\/\/departamentos.unileon.es\/economia-y-estadistica\/wp-json\/wp\/v2\/users\/162"}],"replies":[{"embeddable":true,"href":"https:\/\/departamentos.unileon.es\/economia-y-estadistica\/wp-json\/wp\/v2\/comments?post=1339"}],"version-history":[{"count":0,"href":"https:\/\/departamentos.unileon.es\/economia-y-estadistica\/wp-json\/wp\/v2\/posts\/1339\/revisions"}],"wp:attachment":[{"href":"https:\/\/departamentos.unileon.es\/economia-y-estadistica\/wp-json\/wp\/v2\/media?parent=1339"}],"wp:term":[{"taxonomy":"category","embeddable":true,"href":"https:\/\/departamentos.unileon.es\/economia-y-estadistica\/wp-json\/wp\/v2\/categories?post=1339"},{"taxonomy":"post_tag","embeddable":true,"href":"https:\/\/departamentos.unileon.es\/economia-y-estadistica\/wp-json\/wp\/v2\/tags?post=1339"}],"curies":[{"name":"wp","href":"https:\/\/api.w.org\/{rel}","templated":true}]}}